{"id":7566,"date":"2026-04-27T17:00:00","date_gmt":"2026-04-27T11:30:00","guid":{"rendered":"https:\/\/www.tboacademy.com\/blog\/pt\/?p=7566"},"modified":"2026-04-27T13:09:18","modified_gmt":"2026-04-27T07:39:18","slug":"airbus-avanca-com-novo-cargueiro-a350f","status":"publish","type":"post","link":"https:\/\/www.tboacademy.com\/blog\/pt\/7566\/","title":{"rendered":"Airbus avan\u00e7a com novo cargueiro A350F"},"content":{"rendered":"\n<p>A Airbus concluiu a primeira porta de carga do A350F em Illescas, Espanha, marcando avan\u00e7o importante no programa do novo cargueiro. A pe\u00e7a j\u00e1 foi enviada a Toulouse para testes e integra\u00e7\u00e3o. O modelo ter\u00e1 grande capacidade e efici\u00eancia para voos de longo alcance. O projeto refor\u00e7a o papel da Espanha na avia\u00e7\u00e3o global moderna.<\/p>\n\n\n\n<p><\/p>\n","protected":false},"excerpt":{"rendered":"<p>A Airbus concluiu a primeira porta de carga do A350F em Illescas, Espanha, marcando avan\u00e7o importante no programa do novo cargueiro. A pe\u00e7a j\u00e1 foi enviada a Toulouse para testes e integra\u00e7\u00e3o. O modelo ter\u00e1 grande capacidade e efici\u00eancia para&#8230; <a class=\"more-link\" href=\"https:\/\/www.tboacademy.com\/blog\/pt\/7566\/\">Continue Reading &rarr;<\/a><\/p>\n","protected":false},"author":14,"featured_media":7567,"comment_status":"open","ping_status":"open","sticky":false,"template":"","format":"standard","meta":{"_acf_changed":false,"footnotes":""},"categories":[6834,10],"tags":[10167,1424,1125,330,4566,10168,648,816,10170,6216,341,3988,10171,10169],"acf":[],"yoast_head":"<!-- This site is optimized with the Yoast SEO plugin v21.5 - https:\/\/yoast.com\/wordpress\/plugins\/seo\/ -->\n<title>Airbus avan\u00e7a com novo cargueiro A350F - Tbo Academy Articles Portuguese<\/title>\n<meta name=\"robots\" content=\"index, follow, max-snippet:-1, max-image-preview:large, max-video-preview:-1\" \/>\n<link rel=\"canonical\" href=\"https:\/\/www.tboacademy.com\/blog\/pt\/7566\/\" \/>\n<meta property=\"og:locale\" content=\"en_US\" \/>\n<meta property=\"og:type\" content=\"article\" \/>\n<meta property=\"og:title\" content=\"Airbus avan\u00e7a com novo cargueiro A350F - Tbo Academy Articles Portuguese\" \/>\n<meta property=\"og:description\" content=\"A Airbus concluiu a primeira porta de carga do A350F em Illescas, Espanha, marcando avan\u00e7o importante no programa do novo cargueiro. A pe\u00e7a j\u00e1 foi enviada a Toulouse para testes e integra\u00e7\u00e3o. O modelo ter\u00e1 grande capacidade e efici\u00eancia para... Continue Reading &rarr;\" \/>\n<meta property=\"og:url\" content=\"https:\/\/www.tboacademy.com\/blog\/pt\/7566\/\" \/>\n<meta property=\"og:site_name\" content=\"Tbo Academy Articles Portuguese\" \/>\n<meta property=\"article:published_time\" content=\"2026-04-27T11:30:00+00:00\" \/>\n<meta property=\"article:modified_time\" content=\"2026-04-27T07:39:18+00:00\" \/>\n<meta property=\"og:image\" content=\"https:\/\/www.tboacademy.com\/blog\/pt\/wp-content\/uploads\/sites\/3\/2026\/04\/New-Project-2026-04-27T130837.221.webp\" \/>\n\t<meta property=\"og:image:width\" content=\"600\" \/>\n\t<meta property=\"og:image:height\" content=\"303\" \/>\n\t<meta property=\"og:image:type\" content=\"image\/webp\" \/>\n<meta name=\"author\" content=\"rajkumar\" \/>\n<meta name=\"twitter:card\" content=\"summary_large_image\" \/>\n<meta name=\"twitter:label1\" content=\"Written by\" \/>\n\t<meta name=\"twitter:data1\" content=\"rajkumar\" \/>\n\t<meta name=\"twitter:label2\" content=\"Est. reading time\" \/>\n\t<meta name=\"twitter:data2\" content=\"1 minute\" \/>\n<script type=\"application\/ld+json\" class=\"yoast-schema-graph\">{\"@context\":\"https:\/\/schema.org\",\"@graph\":[{\"@type\":\"WebPage\",\"@id\":\"https:\/\/www.tboacademy.com\/blog\/pt\/7566\/\",\"url\":\"https:\/\/www.tboacademy.com\/blog\/pt\/7566\/\",\"name\":\"Airbus avan\u00e7a com novo cargueiro A350F - Tbo Academy Articles Portuguese\",\"isPartOf\":{\"@id\":\"https:\/\/www.tboacademy.com\/blog\/pt\/#website\"},\"datePublished\":\"2026-04-27T11:30:00+00:00\",\"dateModified\":\"2026-04-27T07:39:18+00:00\",\"author\":{\"@id\":\"https:\/\/www.tboacademy.com\/blog\/pt\/#\/schema\/person\/a8d7f4a3e115ef24904f0c8aa4af8692\"},\"breadcrumb\":{\"@id\":\"https:\/\/www.tboacademy.com\/blog\/pt\/7566\/#breadcrumb\"},\"inLanguage\":\"en-US\",\"potentialAction\":[{\"@type\":\"ReadAction\",\"target\":[\"https:\/\/www.tboacademy.com\/blog\/pt\/7566\/\"]}]},{\"@type\":\"BreadcrumbList\",\"@id\":\"https:\/\/www.tboacademy.com\/blog\/pt\/7566\/#breadcrumb\",\"itemListElement\":[{\"@type\":\"ListItem\",\"position\":1,\"name\":\"Blogs\",\"item\":\"https:\/\/www.tboacademy.com\/blog\/pt\/\"},{\"@type\":\"ListItem\",\"position\":2,\"name\":\"Airbus avan\u00e7a com novo cargueiro A350F\"}]},{\"@type\":\"WebSite\",\"@id\":\"https:\/\/www.tboacademy.com\/blog\/pt\/#website\",\"url\":\"https:\/\/www.tboacademy.com\/blog\/pt\/\",\"name\":\"Tbo Academy Articles Portuguese\",\"description\":\"\",\"potentialAction\":[{\"@type\":\"SearchAction\",\"target\":{\"@type\":\"EntryPoint\",\"urlTemplate\":\"https:\/\/www.tboacademy.com\/blog\/pt\/?s={search_term_string}\"},\"query-input\":\"required name=search_term_string\"}],\"inLanguage\":\"en-US\"},{\"@type\":\"Person\",\"@id\":\"https:\/\/www.tboacademy.com\/blog\/pt\/#\/schema\/person\/a8d7f4a3e115ef24904f0c8aa4af8692\",\"name\":\"rajkumar\",\"image\":{\"@type\":\"ImageObject\",\"inLanguage\":\"en-US\",\"@id\":\"https:\/\/www.tboacademy.com\/blog\/pt\/#\/schema\/person\/image\/\",\"url\":\"https:\/\/secure.gravatar.com\/avatar\/33b30a8a3e14a2e7caf9735aa0c4bfc7?s=96&d=mm&r=g\",\"contentUrl\":\"https:\/\/secure.gravatar.com\/avatar\/33b30a8a3e14a2e7caf9735aa0c4bfc7?s=96&d=mm&r=g\",\"caption\":\"rajkumar\"},\"url\":\"https:\/\/www.tboacademy.com\/blog\/pt\/author\/rajkumar\/\"}]}<\/script>\n<!-- \/ Yoast SEO plugin. -->","yoast_head_json":{"title":"Airbus avan\u00e7a com novo cargueiro A350F - Tbo Academy Articles Portuguese","robots":{"index":"index","follow":"follow","max-snippet":"max-snippet:-1","max-image-preview":"max-image-preview:large","max-video-preview":"max-video-preview:-1"},"canonical":"https:\/\/www.tboacademy.com\/blog\/pt\/7566\/","og_locale":"en_US","og_type":"article","og_title":"Airbus avan\u00e7a com novo cargueiro A350F - Tbo Academy Articles Portuguese","og_description":"A Airbus concluiu a primeira porta de carga do A350F em Illescas, Espanha, marcando avan\u00e7o importante no programa do novo cargueiro. A pe\u00e7a j\u00e1 foi enviada a Toulouse para testes e integra\u00e7\u00e3o. O modelo ter\u00e1 grande capacidade e efici\u00eancia para... Continue Reading &rarr;","og_url":"https:\/\/www.tboacademy.com\/blog\/pt\/7566\/","og_site_name":"Tbo Academy Articles Portuguese","article_published_time":"2026-04-27T11:30:00+00:00","article_modified_time":"2026-04-27T07:39:18+00:00","og_image":[{"width":600,"height":303,"url":"https:\/\/www.tboacademy.com\/blog\/pt\/wp-content\/uploads\/sites\/3\/2026\/04\/New-Project-2026-04-27T130837.221.webp","type":"image\/webp"}],"author":"rajkumar","twitter_card":"summary_large_image","twitter_misc":{"Written by":"rajkumar","Est. reading time":"1 minute"},"schema":{"@context":"https:\/\/schema.org","@graph":[{"@type":"WebPage","@id":"https:\/\/www.tboacademy.com\/blog\/pt\/7566\/","url":"https:\/\/www.tboacademy.com\/blog\/pt\/7566\/","name":"Airbus avan\u00e7a com novo cargueiro A350F - Tbo Academy Articles Portuguese","isPartOf":{"@id":"https:\/\/www.tboacademy.com\/blog\/pt\/#website"},"datePublished":"2026-04-27T11:30:00+00:00","dateModified":"2026-04-27T07:39:18+00:00","author":{"@id":"https:\/\/www.tboacademy.com\/blog\/pt\/#\/schema\/person\/a8d7f4a3e115ef24904f0c8aa4af8692"},"breadcrumb":{"@id":"https:\/\/www.tboacademy.com\/blog\/pt\/7566\/#breadcrumb"},"inLanguage":"en-US","potentialAction":[{"@type":"ReadAction","target":["https:\/\/www.tboacademy.com\/blog\/pt\/7566\/"]}]},{"@type":"BreadcrumbList","@id":"https:\/\/www.tboacademy.com\/blog\/pt\/7566\/#breadcrumb","itemListElement":[{"@type":"ListItem","position":1,"name":"Blogs","item":"https:\/\/www.tboacademy.com\/blog\/pt\/"},{"@type":"ListItem","position":2,"name":"Airbus avan\u00e7a com novo cargueiro A350F"}]},{"@type":"WebSite","@id":"https:\/\/www.tboacademy.com\/blog\/pt\/#website","url":"https:\/\/www.tboacademy.com\/blog\/pt\/","name":"Tbo Academy Articles Portuguese","description":"","potentialAction":[{"@type":"SearchAction","target":{"@type":"EntryPoint","urlTemplate":"https:\/\/www.tboacademy.com\/blog\/pt\/?s={search_term_string}"},"query-input":"required name=search_term_string"}],"inLanguage":"en-US"},{"@type":"Person","@id":"https:\/\/www.tboacademy.com\/blog\/pt\/#\/schema\/person\/a8d7f4a3e115ef24904f0c8aa4af8692","name":"rajkumar","image":{"@type":"ImageObject","inLanguage":"en-US","@id":"https:\/\/www.tboacademy.com\/blog\/pt\/#\/schema\/person\/image\/","url":"https:\/\/secure.gravatar.com\/avatar\/33b30a8a3e14a2e7caf9735aa0c4bfc7?s=96&d=mm&r=g","contentUrl":"https:\/\/secure.gravatar.com\/avatar\/33b30a8a3e14a2e7caf9735aa0c4bfc7?s=96&d=mm&r=g","caption":"rajkumar"},"url":"https:\/\/www.tboacademy.com\/blog\/pt\/author\/rajkumar\/"}]}},"_links":{"self":[{"href":"https:\/\/www.tboacademy.com\/blog\/pt\/wp-json\/wp\/v2\/posts\/7566"}],"collection":[{"href":"https:\/\/www.tboacademy.com\/blog\/pt\/wp-json\/wp\/v2\/posts"}],"about":[{"href":"https:\/\/www.tboacademy.com\/blog\/pt\/wp-json\/wp\/v2\/types\/post"}],"author":[{"embeddable":true,"href":"https:\/\/www.tboacademy.com\/blog\/pt\/wp-json\/wp\/v2\/users\/14"}],"replies":[{"embeddable":true,"href":"https:\/\/www.tboacademy.com\/blog\/pt\/wp-json\/wp\/v2\/comments?post=7566"}],"version-history":[{"count":1,"href":"https:\/\/www.tboacademy.com\/blog\/pt\/wp-json\/wp\/v2\/posts\/7566\/revisions"}],"predecessor-version":[{"id":7568,"href":"https:\/\/www.tboacademy.com\/blog\/pt\/wp-json\/wp\/v2\/posts\/7566\/revisions\/7568"}],"wp:featuredmedia":[{"embeddable":true,"href":"https:\/\/www.tboacademy.com\/blog\/pt\/wp-json\/wp\/v2\/media\/7567"}],"wp:attachment":[{"href":"https:\/\/www.tboacademy.com\/blog\/pt\/wp-json\/wp\/v2\/media?parent=7566"}],"wp:term":[{"taxonomy":"category","embeddable":true,"href":"https:\/\/www.tboacademy.com\/blog\/pt\/wp-json\/wp\/v2\/categories?post=7566"},{"taxonomy":"post_tag","embeddable":true,"href":"https:\/\/www.tboacademy.com\/blog\/pt\/wp-json\/wp\/v2\/tags?post=7566"}],"curies":[{"name":"wp","href":"https:\/\/api.w.org\/{rel}","templated":true}]}}